{"id":86633,"date":"2024-06-07T09:53:00","date_gmt":"2024-06-07T08:53:00","guid":{"rendered":"https:\/\/alp-sound.it\/?p=86633"},"modified":"2024-12-14T09:32:06","modified_gmt":"2024-12-14T08:32:06","slug":"kinder-und-jugendtheater-ein-reise-der-hoffnung","status":"publish","type":"post","link":"https:\/\/alp-sound.it\/index.php\/2024\/06\/07\/kinder-und-jugendtheater-ein-reise-der-hoffnung\/","title":{"rendered":"Kinder- und Jugendtheater &#8222;Ein Reise der Hoffnung&#8220;"},"content":{"rendered":"\t\t<div data-elementor-type=\"wp-post\" data-elementor-id=\"86633\" class=\"elementor elementor-86633\" data-elementor-post-type=\"post\">\n\t\t\t\t<div class=\"elementor-element elementor-element-6da43cd e-flex e-con-boxed e-con e-parent\" data-id=\"6da43cd\" data-element_type=\"container\" data-e-type=\"container\">\n\t\t\t\t\t<div class=\"e-con-inner\">\n\t\t\t\t<div class=\"elementor-element elementor-element-2245e9c elementor-widget elementor-widget-text-editor\" data-id=\"2245e9c\" data-element_type=\"widget\" data-e-type=\"widget\" data-widget_type=\"text-editor.default\">\n\t\t\t\t<div class=\"elementor-widget-container\">\n\t\t\t\t\t\t\t\t\t<p><strong>&#8222;Eine Reise der Hoffnung&#8220;: Klang und Licht im Kinder- und Jugendtheater<\/strong><\/p><p>Bei der beeindruckenden Inszenierung <em>&#8222;Eine Reise der Hoffnung&#8220;<\/em>, organisiert vom <strong>Jugenddienst Dekanat Taufers<\/strong>, durften wir die Audiobeschallung und Lichtsteuerung \u00fcbernehmen. Unsere Aufgabe war es, die Botschaft der jungen Schauspielerinnen und Schauspieler durch pr\u00e4zise Technik zu verst\u00e4rken.<\/p><p>Mit klarem, ausgewogenem Sound sorgten wir daf\u00fcr, dass jede Stimme und jeder musikalische Moment bis in die letzte Reihe erlebbar war. Die Lichtgestaltung unterstrich die emotionalen Szenen durch sanfte Farben und dynamische Effekte, die die Handlung eindrucksvoll untermalten.<\/p><p>Wir danken dem Jugenddienst Dekanat Taufers f\u00fcr das Vertrauen und freuen uns, Teil dieses inspirierenden Projekts gewesen zu sein!<\/p><p>Auftraggeber\/Fotos: <a href=\"https:\/\/www.jugenddienst.it\/de\/jugenddienste\/jugenddienst-taufers-909.html\"><span style=\"text-align: var(--text-align); background-color: rgba(255, 255, 255, 0); color: var(--the7-base-color); letter-spacing: var(--the7-base-letter-spacing); text-transform: var(--the7-base-text-transform); word-spacing: normal;\">Jugenddienst Dekanat Taufers<\/span><\/a><\/p>\t\t\t\t\t\t\t\t<\/div>\n\t\t\t\t<\/div>\n\t\t\t\t<div class=\"elementor-element elementor-element-e6fd9b7 elementor-widget elementor-widget-spacer\" data-id=\"e6fd9b7\" data-element_type=\"widget\" data-e-type=\"widget\" data-widget_type=\"spacer.default\">\n\t\t\t\t<div class=\"elementor-widget-container\">\n\t\t\t\t\t\t\t<div class=\"elementor-spacer\">\n\t\t\t<div class=\"elementor-spacer-inner\"><\/div>\n\t\t<\/div>\n\t\t\t\t\t\t<\/div>\n\t\t\t\t<\/div>\n\t\t\t\t\t<\/div>\n\t\t\t\t<\/div>\n\t\t\t\t<\/div>\n\t\t","protected":false},"excerpt":{"rendered":"<p>&#8222;Eine Reise der Hoffnung&#8220;: Klang und Licht im Kinder- und Jugendtheater Bei der beeindruckenden Inszenierung &#8222;Eine Reise der Hoffnung&#8220;, organisiert vom Jugenddienst Dekanat Taufers, durften wir die Audiobeschallung und Lichtsteuerung \u00fcbernehmen. Unsere Aufgabe war es, die Botschaft der jungen Schauspielerinnen und Schauspieler durch pr\u00e4zise Technik zu verst\u00e4rken. Mit klarem, ausgewogenem Sound sorgten wir daf\u00fcr, dass&hellip;<\/p>\n","protected":false},"author":1,"featured_media":86649,"comment_status":"open","ping_status":"open","sticky":false,"template":"","format":"standard","meta":{"footnotes":""},"categories":[3],"tags":[],"class_list":["post-86633","post","type-post","status-publish","format-standard","has-post-thumbnail","hentry","category-events"],"aioseo_notices":[],"aioseo_head":"\n\t\t<!-- All in One SEO 5.0.1.1 - aioseo.com -->\n\t<meta name=\"description\" content=\"\u201eEine Reise der Hoffnung\u201c: Klang und Licht im Kinder- und JugendtheaterBei der beeindruckenden Inszenierung \u201eEine Reise der Hoffnung\u201c, organisiert vom Jugenddienst Dekanat Taufers, durften wir die Audiobeschallung und Lichtsteuerung \u00fcbernehmen. Unsere Aufgabe war es, die Botschaft der jungen Schauspielerinnen und Schauspieler durch pr\u00e4zise Technik zu verst\u00e4rken.Mit klarem, ausgewogenem Sound sorgten wir daf\u00fcr, dass jede Stimme\" \/>\n\t<meta name=\"robots\" content=\"max-image-preview:large\" \/>\n\t<meta name=\"author\" content=\"adminsound\"\/>\n\t<link rel=\"canonical\" href=\"https:\/\/alp-sound.it\/index.php\/2024\/06\/07\/kinder-und-jugendtheater-ein-reise-der-hoffnung\/\" \/>\n\t<meta name=\"generator\" content=\"All in One SEO (AIOSEO) 5.0.1.1\" \/>\n\t\t<meta property=\"og:locale\" content=\"de_DE\" \/>\n\t\t<meta property=\"og:site_name\" content=\"Alp Sound \u2013 The sound of the alps\" \/>\n\t\t<meta property=\"og:type\" content=\"article\" \/>\n\t\t<meta property=\"og:title\" content=\"Kinder- und Jugendtheater \u201eEin Reise der Hoffnung\u201c \u2013 Alp Sound\" \/>\n\t\t<meta property=\"og:description\" content=\"\u201eEine Reise der Hoffnung\u201c: Klang und Licht im Kinder- und JugendtheaterBei der beeindruckenden Inszenierung \u201eEine Reise der Hoffnung\u201c, organisiert vom Jugenddienst Dekanat Taufers, durften wir die Audiobeschallung und Lichtsteuerung \u00fcbernehmen. Unsere Aufgabe war es, die Botschaft der jungen Schauspielerinnen und Schauspieler durch pr\u00e4zise Technik zu verst\u00e4rken.Mit klarem, ausgewogenem Sound sorgten wir daf\u00fcr, dass jede Stimme\" \/>\n\t\t<meta property=\"og:url\" content=\"https:\/\/alp-sound.it\/index.php\/2024\/06\/07\/kinder-und-jugendtheater-ein-reise-der-hoffnung\/\" \/>\n\t\t<meta property=\"article:published_time\" content=\"2024-06-07T08:53:00+00:00\" \/>\n\t\t<meta property=\"article:modified_time\" content=\"2024-12-14T08:32:06+00:00\" \/>\n\t\t<meta property=\"article:publisher\" content=\"https:\/\/www.facebook.com\/profile.php?id=61554617066156\" \/>\n\t\t<meta name=\"twitter:card\" content=\"summary_large_image\" \/>\n\t\t<meta name=\"twitter:title\" content=\"Kinder- und Jugendtheater \u201eEin Reise der Hoffnung\u201c \u2013 Alp Sound\" \/>\n\t\t<meta name=\"twitter:description\" content=\"\u201eEine Reise der Hoffnung\u201c: Klang und Licht im Kinder- und JugendtheaterBei der beeindruckenden Inszenierung \u201eEine Reise der Hoffnung\u201c, organisiert vom Jugenddienst Dekanat Taufers, durften wir die Audiobeschallung und Lichtsteuerung \u00fcbernehmen. Unsere Aufgabe war es, die Botschaft der jungen Schauspielerinnen und Schauspieler durch pr\u00e4zise Technik zu verst\u00e4rken.Mit klarem, ausgewogenem Sound sorgten wir daf\u00fcr, dass jede Stimme\" \/>\n\t\t<script type=\"application\/ld+json\" class=\"aioseo-schema\">\n\t\t\t{\"@context\":\"https:\\\/\\\/schema.org\",\"@graph\":[{\"@type\":\"BlogPosting\",\"@id\":\"https:\\\/\\\/alp-sound.it\\\/index.php\\\/2024\\\/06\\\/07\\\/kinder-und-jugendtheater-ein-reise-der-hoffnung\\\/#blogposting\",\"name\":\"Kinder- und Jugendtheater \\u201eEin Reise der Hoffnung\\u201c \\u2013 Alp Sound\",\"headline\":\"Kinder- und Jugendtheater &#8222;Ein Reise der Hoffnung&#8220;\",\"author\":{\"@id\":\"https:\\\/\\\/alp-sound.it\\\/index.php\\\/author\\\/adminsound\\\/#author\"},\"publisher\":{\"@id\":\"https:\\\/\\\/alp-sound.it\\\/#organization\"},\"image\":{\"@type\":\"ImageObject\",\"url\":\"https:\\\/\\\/alp-sound.it\\\/wp-content\\\/uploads\\\/2024\\\/06\\\/Eine-reise-der-Hoffung-2.jpg\",\"width\":2000,\"height\":1414},\"datePublished\":\"2024-06-07T09:53:00+01:00\",\"dateModified\":\"2024-12-14T09:32:06+01:00\",\"inLanguage\":\"de-DE\",\"mainEntityOfPage\":{\"@id\":\"https:\\\/\\\/alp-sound.it\\\/index.php\\\/2024\\\/06\\\/07\\\/kinder-und-jugendtheater-ein-reise-der-hoffnung\\\/#webpage\"},\"isPartOf\":{\"@id\":\"https:\\\/\\\/alp-sound.it\\\/index.php\\\/2024\\\/06\\\/07\\\/kinder-und-jugendtheater-ein-reise-der-hoffnung\\\/#webpage\"},\"articleSection\":\"Events\"},{\"@type\":\"BreadcrumbList\",\"@id\":\"https:\\\/\\\/alp-sound.it\\\/index.php\\\/2024\\\/06\\\/07\\\/kinder-und-jugendtheater-ein-reise-der-hoffnung\\\/#breadcrumblist\",\"itemListElement\":[{\"@type\":\"ListItem\",\"@id\":\"https:\\\/\\\/alp-sound.it#listItem\",\"position\":1,\"name\":\"Zu Hause\",\"item\":\"https:\\\/\\\/alp-sound.it\",\"nextItem\":{\"@type\":\"ListItem\",\"@id\":\"https:\\\/\\\/alp-sound.it\\\/index.php\\\/category\\\/events\\\/#listItem\",\"name\":\"Events\"}},{\"@type\":\"ListItem\",\"@id\":\"https:\\\/\\\/alp-sound.it\\\/index.php\\\/category\\\/events\\\/#listItem\",\"position\":2,\"name\":\"Events\",\"item\":\"https:\\\/\\\/alp-sound.it\\\/index.php\\\/category\\\/events\\\/\",\"nextItem\":{\"@type\":\"ListItem\",\"@id\":\"https:\\\/\\\/alp-sound.it\\\/index.php\\\/2024\\\/06\\\/07\\\/kinder-und-jugendtheater-ein-reise-der-hoffnung\\\/#listItem\",\"name\":\"Kinder- und Jugendtheater &#8222;Ein Reise der Hoffnung&#8220;\"},\"previousItem\":{\"@type\":\"ListItem\",\"@id\":\"https:\\\/\\\/alp-sound.it#listItem\",\"name\":\"Zu Hause\"}},{\"@type\":\"ListItem\",\"@id\":\"https:\\\/\\\/alp-sound.it\\\/index.php\\\/2024\\\/06\\\/07\\\/kinder-und-jugendtheater-ein-reise-der-hoffnung\\\/#listItem\",\"position\":3,\"name\":\"Kinder- und Jugendtheater &#8222;Ein Reise der Hoffnung&#8220;\",\"previousItem\":{\"@type\":\"ListItem\",\"@id\":\"https:\\\/\\\/alp-sound.it\\\/index.php\\\/category\\\/events\\\/#listItem\",\"name\":\"Events\"}}]},{\"@type\":\"Organization\",\"@id\":\"https:\\\/\\\/alp-sound.it\\\/#organization\",\"name\":\"Alp Sound\",\"description\":\"The sound of the alps\",\"url\":\"https:\\\/\\\/alp-sound.it\\\/\",\"email\":\"info@alp-sound.it\",\"logo\":{\"@type\":\"ImageObject\",\"url\":\"https:\\\/\\\/alp-sound.it\\\/wp-content\\\/uploads\\\/2023\\\/11\\\/logo-transparent-png.png\",\"@id\":\"https:\\\/\\\/alp-sound.it\\\/index.php\\\/2024\\\/06\\\/07\\\/kinder-und-jugendtheater-ein-reise-der-hoffnung\\\/#organizationLogo\",\"width\":4000,\"height\":2486},\"image\":{\"@id\":\"https:\\\/\\\/alp-sound.it\\\/index.php\\\/2024\\\/06\\\/07\\\/kinder-und-jugendtheater-ein-reise-der-hoffnung\\\/#organizationLogo\"},\"sameAs\":[\"https:\\\/\\\/www.facebook.com\\\/profile.php?id=61554617066156\",\"https:\\\/\\\/www.instagram.com\\\/alp.sound\\\/\"]},{\"@type\":\"Person\",\"@id\":\"https:\\\/\\\/alp-sound.it\\\/index.php\\\/author\\\/adminsound\\\/#author\",\"url\":\"https:\\\/\\\/alp-sound.it\\\/index.php\\\/author\\\/adminsound\\\/\",\"name\":\"adminsound\"},{\"@type\":\"WebPage\",\"@id\":\"https:\\\/\\\/alp-sound.it\\\/index.php\\\/2024\\\/06\\\/07\\\/kinder-und-jugendtheater-ein-reise-der-hoffnung\\\/#webpage\",\"url\":\"https:\\\/\\\/alp-sound.it\\\/index.php\\\/2024\\\/06\\\/07\\\/kinder-und-jugendtheater-ein-reise-der-hoffnung\\\/\",\"name\":\"Kinder- und Jugendtheater \\u201eEin Reise der Hoffnung\\u201c \\u2013 Alp Sound\",\"description\":\"\\u201eEine Reise der Hoffnung\\u201c: Klang und Licht im Kinder- und JugendtheaterBei der beeindruckenden Inszenierung \\u201eEine Reise der Hoffnung\\u201c, organisiert vom Jugenddienst Dekanat Taufers, durften wir die Audiobeschallung und Lichtsteuerung \\u00fcbernehmen. Unsere Aufgabe war es, die Botschaft der jungen Schauspielerinnen und Schauspieler durch pr\\u00e4zise Technik zu verst\\u00e4rken.Mit klarem, ausgewogenem Sound sorgten wir daf\\u00fcr, dass jede Stimme\",\"inLanguage\":\"de-DE\",\"isPartOf\":{\"@id\":\"https:\\\/\\\/alp-sound.it\\\/#website\"},\"breadcrumb\":{\"@id\":\"https:\\\/\\\/alp-sound.it\\\/index.php\\\/2024\\\/06\\\/07\\\/kinder-und-jugendtheater-ein-reise-der-hoffnung\\\/#breadcrumblist\"},\"author\":{\"@id\":\"https:\\\/\\\/alp-sound.it\\\/index.php\\\/author\\\/adminsound\\\/#author\"},\"creator\":{\"@id\":\"https:\\\/\\\/alp-sound.it\\\/index.php\\\/author\\\/adminsound\\\/#author\"},\"image\":{\"@type\":\"ImageObject\",\"url\":\"https:\\\/\\\/alp-sound.it\\\/wp-content\\\/uploads\\\/2024\\\/06\\\/Eine-reise-der-Hoffung-2.jpg\",\"@id\":\"https:\\\/\\\/alp-sound.it\\\/index.php\\\/2024\\\/06\\\/07\\\/kinder-und-jugendtheater-ein-reise-der-hoffnung\\\/#mainImage\",\"width\":2000,\"height\":1414},\"primaryImageOfPage\":{\"@id\":\"https:\\\/\\\/alp-sound.it\\\/index.php\\\/2024\\\/06\\\/07\\\/kinder-und-jugendtheater-ein-reise-der-hoffnung\\\/#mainImage\"},\"datePublished\":\"2024-06-07T09:53:00+01:00\",\"dateModified\":\"2024-12-14T09:32:06+01:00\"},{\"@type\":\"WebSite\",\"@id\":\"https:\\\/\\\/alp-sound.it\\\/#website\",\"url\":\"https:\\\/\\\/alp-sound.it\\\/\",\"name\":\"Alp Sound\",\"alternateName\":\"Alpsounbd\",\"description\":\"The sound of the alps\",\"inLanguage\":\"de-DE\",\"publisher\":{\"@id\":\"https:\\\/\\\/alp-sound.it\\\/#organization\"}}]}\n\t\t<\/script>\n\t\t<!-- All in One SEO -->\n\n","aioseo_head_json":{"title":"Kinder- und Jugendtheater \u201eEin Reise der Hoffnung\u201c \u2013 Alp Sound","description":"\u201eEine Reise der Hoffnung\u201c: Klang und Licht im Kinder- und JugendtheaterBei der beeindruckenden Inszenierung \u201eEine Reise der Hoffnung\u201c, organisiert vom Jugenddienst Dekanat Taufers, durften wir die Audiobeschallung und Lichtsteuerung \u00fcbernehmen. Unsere Aufgabe war es, die Botschaft der jungen Schauspielerinnen und Schauspieler durch pr\u00e4zise Technik zu verst\u00e4rken.Mit klarem, ausgewogenem Sound sorgten wir daf\u00fcr, dass jede Stimme","canonical_url":"https:\/\/alp-sound.it\/index.php\/2024\/06\/07\/kinder-und-jugendtheater-ein-reise-der-hoffnung\/","robots":"max-image-preview:large","keywords":"","webmasterTools":{"miscellaneous":""},"schema":{"@context":"https:\/\/schema.org","@graph":[{"@type":"BlogPosting","@id":"https:\/\/alp-sound.it\/index.php\/2024\/06\/07\/kinder-und-jugendtheater-ein-reise-der-hoffnung\/#blogposting","name":"Kinder- und Jugendtheater \u201eEin Reise der Hoffnung\u201c \u2013 Alp Sound","headline":"Kinder- und Jugendtheater &#8222;Ein Reise der Hoffnung&#8220;","author":{"@id":"https:\/\/alp-sound.it\/index.php\/author\/adminsound\/#author"},"publisher":{"@id":"https:\/\/alp-sound.it\/#organization"},"image":{"@type":"ImageObject","url":"https:\/\/alp-sound.it\/wp-content\/uploads\/2024\/06\/Eine-reise-der-Hoffung-2.jpg","width":2000,"height":1414},"datePublished":"2024-06-07T09:53:00+01:00","dateModified":"2024-12-14T09:32:06+01:00","inLanguage":"de-DE","mainEntityOfPage":{"@id":"https:\/\/alp-sound.it\/index.php\/2024\/06\/07\/kinder-und-jugendtheater-ein-reise-der-hoffnung\/#webpage"},"isPartOf":{"@id":"https:\/\/alp-sound.it\/index.php\/2024\/06\/07\/kinder-und-jugendtheater-ein-reise-der-hoffnung\/#webpage"},"articleSection":"Events"},{"@type":"BreadcrumbList","@id":"https:\/\/alp-sound.it\/index.php\/2024\/06\/07\/kinder-und-jugendtheater-ein-reise-der-hoffnung\/#breadcrumblist","itemListElement":[{"@type":"ListItem","@id":"https:\/\/alp-sound.it#listItem","position":1,"name":"Zu Hause","item":"https:\/\/alp-sound.it","nextItem":{"@type":"ListItem","@id":"https:\/\/alp-sound.it\/index.php\/category\/events\/#listItem","name":"Events"}},{"@type":"ListItem","@id":"https:\/\/alp-sound.it\/index.php\/category\/events\/#listItem","position":2,"name":"Events","item":"https:\/\/alp-sound.it\/index.php\/category\/events\/","nextItem":{"@type":"ListItem","@id":"https:\/\/alp-sound.it\/index.php\/2024\/06\/07\/kinder-und-jugendtheater-ein-reise-der-hoffnung\/#listItem","name":"Kinder- und Jugendtheater &#8222;Ein Reise der Hoffnung&#8220;"},"previousItem":{"@type":"ListItem","@id":"https:\/\/alp-sound.it#listItem","name":"Zu Hause"}},{"@type":"ListItem","@id":"https:\/\/alp-sound.it\/index.php\/2024\/06\/07\/kinder-und-jugendtheater-ein-reise-der-hoffnung\/#listItem","position":3,"name":"Kinder- und Jugendtheater &#8222;Ein Reise der Hoffnung&#8220;","previousItem":{"@type":"ListItem","@id":"https:\/\/alp-sound.it\/index.php\/category\/events\/#listItem","name":"Events"}}]},{"@type":"Organization","@id":"https:\/\/alp-sound.it\/#organization","name":"Alp Sound","description":"The sound of the alps","url":"https:\/\/alp-sound.it\/","email":"info@alp-sound.it","logo":{"@type":"ImageObject","url":"https:\/\/alp-sound.it\/wp-content\/uploads\/2023\/11\/logo-transparent-png.png","@id":"https:\/\/alp-sound.it\/index.php\/2024\/06\/07\/kinder-und-jugendtheater-ein-reise-der-hoffnung\/#organizationLogo","width":4000,"height":2486},"image":{"@id":"https:\/\/alp-sound.it\/index.php\/2024\/06\/07\/kinder-und-jugendtheater-ein-reise-der-hoffnung\/#organizationLogo"},"sameAs":["https:\/\/www.facebook.com\/profile.php?id=61554617066156","https:\/\/www.instagram.com\/alp.sound\/"]},{"@type":"Person","@id":"https:\/\/alp-sound.it\/index.php\/author\/adminsound\/#author","url":"https:\/\/alp-sound.it\/index.php\/author\/adminsound\/","name":"adminsound"},{"@type":"WebPage","@id":"https:\/\/alp-sound.it\/index.php\/2024\/06\/07\/kinder-und-jugendtheater-ein-reise-der-hoffnung\/#webpage","url":"https:\/\/alp-sound.it\/index.php\/2024\/06\/07\/kinder-und-jugendtheater-ein-reise-der-hoffnung\/","name":"Kinder- und Jugendtheater \u201eEin Reise der Hoffnung\u201c \u2013 Alp Sound","description":"\u201eEine Reise der Hoffnung\u201c: Klang und Licht im Kinder- und JugendtheaterBei der beeindruckenden Inszenierung \u201eEine Reise der Hoffnung\u201c, organisiert vom Jugenddienst Dekanat Taufers, durften wir die Audiobeschallung und Lichtsteuerung \u00fcbernehmen. Unsere Aufgabe war es, die Botschaft der jungen Schauspielerinnen und Schauspieler durch pr\u00e4zise Technik zu verst\u00e4rken.Mit klarem, ausgewogenem Sound sorgten wir daf\u00fcr, dass jede Stimme","inLanguage":"de-DE","isPartOf":{"@id":"https:\/\/alp-sound.it\/#website"},"breadcrumb":{"@id":"https:\/\/alp-sound.it\/index.php\/2024\/06\/07\/kinder-und-jugendtheater-ein-reise-der-hoffnung\/#breadcrumblist"},"author":{"@id":"https:\/\/alp-sound.it\/index.php\/author\/adminsound\/#author"},"creator":{"@id":"https:\/\/alp-sound.it\/index.php\/author\/adminsound\/#author"},"image":{"@type":"ImageObject","url":"https:\/\/alp-sound.it\/wp-content\/uploads\/2024\/06\/Eine-reise-der-Hoffung-2.jpg","@id":"https:\/\/alp-sound.it\/index.php\/2024\/06\/07\/kinder-und-jugendtheater-ein-reise-der-hoffnung\/#mainImage","width":2000,"height":1414},"primaryImageOfPage":{"@id":"https:\/\/alp-sound.it\/index.php\/2024\/06\/07\/kinder-und-jugendtheater-ein-reise-der-hoffnung\/#mainImage"},"datePublished":"2024-06-07T09:53:00+01:00","dateModified":"2024-12-14T09:32:06+01:00"},{"@type":"WebSite","@id":"https:\/\/alp-sound.it\/#website","url":"https:\/\/alp-sound.it\/","name":"Alp Sound","alternateName":"Alpsounbd","description":"The sound of the alps","inLanguage":"de-DE","publisher":{"@id":"https:\/\/alp-sound.it\/#organization"}}]},"og:locale":"de_DE","og:site_name":"Alp Sound \u2013 The sound of the alps","og:type":"article","og:title":"Kinder- und Jugendtheater \u201eEin Reise der Hoffnung\u201c \u2013 Alp Sound","og:description":"\u201eEine Reise der Hoffnung\u201c: Klang und Licht im Kinder- und JugendtheaterBei der beeindruckenden Inszenierung \u201eEine Reise der Hoffnung\u201c, organisiert vom Jugenddienst Dekanat Taufers, durften wir die Audiobeschallung und Lichtsteuerung \u00fcbernehmen. Unsere Aufgabe war es, die Botschaft der jungen Schauspielerinnen und Schauspieler durch pr\u00e4zise Technik zu verst\u00e4rken.Mit klarem, ausgewogenem Sound sorgten wir daf\u00fcr, dass jede Stimme","og:url":"https:\/\/alp-sound.it\/index.php\/2024\/06\/07\/kinder-und-jugendtheater-ein-reise-der-hoffnung\/","article:published_time":"2024-06-07T08:53:00+00:00","article:modified_time":"2024-12-14T08:32:06+00:00","article:publisher":"https:\/\/www.facebook.com\/profile.php?id=61554617066156","twitter:card":"summary_large_image","twitter:title":"Kinder- und Jugendtheater \u201eEin Reise der Hoffnung\u201c \u2013 Alp Sound","twitter:description":"\u201eEine Reise der Hoffnung\u201c: Klang und Licht im Kinder- und JugendtheaterBei der beeindruckenden Inszenierung \u201eEine Reise der Hoffnung\u201c, organisiert vom Jugenddienst Dekanat Taufers, durften wir die Audiobeschallung und Lichtsteuerung \u00fcbernehmen. Unsere Aufgabe war es, die Botschaft der jungen Schauspielerinnen und Schauspieler durch pr\u00e4zise Technik zu verst\u00e4rken.Mit klarem, ausgewogenem Sound sorgten wir daf\u00fcr, dass jede Stimme"},"aioseo_meta_data":{"post_id":"86633","title":null,"description":null,"keywords":null,"keyphrases":{"focus":{"keyphrase":"","score":0,"analysis":{"keyphraseInTitle":{"score":0,"maxScore":9,"error":1}}},"additional":[]},"primary_term":null,"canonical_url":null,"og_title":null,"og_description":null,"og_object_type":"default","og_image_type":"default","og_image_url":null,"og_image_width":null,"og_image_height":null,"og_image_custom_url":null,"og_image_custom_fields":null,"og_video":"","og_custom_url":null,"og_article_section":null,"og_article_tags":null,"twitter_use_og":false,"twitter_card":"default","twitter_image_type":"default","twitter_image_url":null,"twitter_image_custom_url":null,"twitter_image_custom_fields":null,"twitter_title":null,"twitter_description":null,"schema":{"blockGraphs":[],"customGraphs":[],"default":{"data":{"Article":[],"Course":[],"Dataset":[],"FAQPage":[],"Movie":[],"Person":[],"Product":[],"ProductReview":[],"Car":[],"Recipe":[],"Service":[],"SoftwareApplication":[],"WebPage":[]},"graphName":"BlogPosting","isEnabled":true},"graphs":[]},"schema_type":"default","schema_type_options":null,"pillar_content":false,"robots_default":true,"robots_noindex":false,"robots_noarchive":false,"robots_nosnippet":false,"robots_nofollow":false,"robots_noimageindex":false,"robots_noodp":false,"robots_notranslate":false,"robots_max_snippet":"-1","robots_max_videopreview":"-1","robots_max_imagepreview":"large","priority":null,"frequency":"default","local_seo":null,"breadcrumb_settings":null,"limit_modified_date":false,"ai":null,"created":"2024-11-30 15:54:36","updated":"2025-06-28 11:39:01","focus_keyword":null,"additional_keywords":null,"truseo_locale":null,"seo_analyzer_scan_date":null},"aioseo_breadcrumb":"<div class=\"aioseo-breadcrumbs\"><span class=\"aioseo-breadcrumb\">\n\t\t\t<a href=\"https:\/\/alp-sound.it\" title=\"Zu Hause\">Zu Hause<\/a>\n\t\t<\/span><span class=\"aioseo-breadcrumb-separator\">&raquo;<\/span><span class=\"aioseo-breadcrumb\">\n\t\t\t<a href=\"https:\/\/alp-sound.it\/index.php\/category\/events\/\" title=\"Events\">Events<\/a>\n\t\t<\/span><span class=\"aioseo-breadcrumb-separator\">&raquo;<\/span><span class=\"aioseo-breadcrumb\">\n\t\t\tKinder- und Jugendtheater \u201eEin Reise der Hoffnung\u201c\n\t\t<\/span><\/div>","aioseo_breadcrumb_json":[{"label":"Zu Hause","link":"https:\/\/alp-sound.it"},{"label":"Events","link":"https:\/\/alp-sound.it\/index.php\/category\/events\/"},{"label":"Kinder- und Jugendtheater &#8222;Ein Reise der Hoffnung&#8220;","link":"https:\/\/alp-sound.it\/index.php\/2024\/06\/07\/kinder-und-jugendtheater-ein-reise-der-hoffnung\/"}],"_links":{"self":[{"href":"https:\/\/alp-sound.it\/index.php\/wp-json\/wp\/v2\/posts\/86633","targetHints":{"allow":["GET"]}}],"collection":[{"href":"https:\/\/alp-sound.it\/index.php\/wp-json\/wp\/v2\/posts"}],"about":[{"href":"https:\/\/alp-sound.it\/index.php\/wp-json\/wp\/v2\/types\/post"}],"author":[{"embeddable":true,"href":"https:\/\/alp-sound.it\/index.php\/wp-json\/wp\/v2\/users\/1"}],"replies":[{"embeddable":true,"href":"https:\/\/alp-sound.it\/index.php\/wp-json\/wp\/v2\/comments?post=86633"}],"version-history":[{"count":19,"href":"https:\/\/alp-sound.it\/index.php\/wp-json\/wp\/v2\/posts\/86633\/revisions"}],"predecessor-version":[{"id":86692,"href":"https:\/\/alp-sound.it\/index.php\/wp-json\/wp\/v2\/posts\/86633\/revisions\/86692"}],"wp:featuredmedia":[{"embeddable":true,"href":"https:\/\/alp-sound.it\/index.php\/wp-json\/wp\/v2\/media\/86649"}],"wp:attachment":[{"href":"https:\/\/alp-sound.it\/index.php\/wp-json\/wp\/v2\/media?parent=86633"}],"wp:term":[{"taxonomy":"category","embeddable":true,"href":"https:\/\/alp-sound.it\/index.php\/wp-json\/wp\/v2\/categories?post=86633"},{"taxonomy":"post_tag","embeddable":true,"href":"https:\/\/alp-sound.it\/index.php\/wp-json\/wp\/v2\/tags?post=86633"}],"curies":[{"name":"wp","href":"https:\/\/api.w.org\/{rel}","templated":true}]}}