{"id":86725,"date":"2025-07-19T09:01:34","date_gmt":"2025-07-19T08:01:34","guid":{"rendered":"https:\/\/alp-sound.it\/?p=86725"},"modified":"2025-10-12T09:15:15","modified_gmt":"2025-10-12T08:15:15","slug":"glaubensfestival","status":"publish","type":"post","link":"https:\/\/alp-sound.it\/index.php\/2025\/07\/19\/glaubensfestival\/","title":{"rendered":"Glaubensfestival"},"content":{"rendered":"\t\t<div data-elementor-type=\"wp-post\" data-elementor-id=\"86725\" class=\"elementor elementor-86725\" data-elementor-post-type=\"post\">\n\t\t\t\t<div class=\"elementor-element elementor-element-6da43cd e-flex e-con-boxed e-con e-parent\" data-id=\"6da43cd\" data-element_type=\"container\" data-e-type=\"container\">\n\t\t\t\t\t<div class=\"e-con-inner\">\n\t\t\t\t<div class=\"elementor-element elementor-element-2245e9c elementor-widget elementor-widget-text-editor\" data-id=\"2245e9c\" data-element_type=\"widget\" data-e-type=\"widget\" data-widget_type=\"text-editor.default\">\n\t\t\t\t<div class=\"elementor-widget-container\">\n\t\t\t\t\t\t\t\t\t<p>Das <strong data-start=\"303\" data-end=\"328\">Festival des Glaubens<\/strong> in Sand in Taufers war ein inspirierendes Fest voller Musik, Gemeinschaft und spiritueller Begegnung. F\u00fcr dieses besondere Ereignis durften wir die <strong data-start=\"477\" data-end=\"497\">Audiobeschallung<\/strong> \u00fcbernehmen \u2013 ein Auftrag der <strong data-start=\"527\" data-end=\"555\">Seelsorgeeinheit Taufers<\/strong>, bei dem Klarheit, Zuverl\u00e4ssigkeit und fein abgestimmter Klang im Mittelpunkt standen.<\/p>\n<p>Ein herzliches Dankesch\u00f6n an die <strong data-start=\"1079\" data-end=\"1107\">Seelsorgeeinheit Taufers<\/strong> f\u00fcr das Vertrauen \u2013 wir freuen uns, Teil dieses eindrucksvollen und unvergesslichen Erlebnisses gewesen zu sein.<\/p>\n<p>Auftraggeber\/Fotos: <a href=\"https:\/\/www.seelsorgeeinheittaufers.it\/de\/home\">Seelsorgeeinheit Taufers<\/a><\/p>\t\t\t\t\t\t\t\t<\/div>\n\t\t\t\t<\/div>\n\t\t\t\t<div class=\"elementor-element elementor-element-e6fd9b7 elementor-widget elementor-widget-spacer\" data-id=\"e6fd9b7\" data-element_type=\"widget\" data-e-type=\"widget\" data-widget_type=\"spacer.default\">\n\t\t\t\t<div class=\"elementor-widget-container\">\n\t\t\t\t\t\t\t<div class=\"elementor-spacer\">\n\t\t\t<div class=\"elementor-spacer-inner\"><\/div>\n\t\t<\/div>\n\t\t\t\t\t\t<\/div>\n\t\t\t\t<\/div>\n\t\t\t\t\t<\/div>\n\t\t\t\t<\/div>\n\t\t<div class=\"elementor-element elementor-element-97b244d e-flex e-con-boxed e-con e-parent\" data-id=\"97b244d\" data-element_type=\"container\" data-e-type=\"container\">\n\t\t\t\t\t<div class=\"e-con-inner\">\n\t\t\t\t\t<\/div>\n\t\t\t\t<\/div>\n\t\t<div class=\"elementor-element elementor-element-bd485ed e-flex e-con-boxed e-con e-parent\" data-id=\"bd485ed\" data-element_type=\"container\" data-e-type=\"container\">\n\t\t\t\t\t<div class=\"e-con-inner\">\n\t\t\t\t\t<\/div>\n\t\t\t\t<\/div>\n\t\t\t\t<\/div>\n\t\t","protected":false},"excerpt":{"rendered":"<p>Das Festival des Glaubens in Sand in Taufers war ein inspirierendes Fest voller Musik, Gemeinschaft und spiritueller Begegnung. F\u00fcr dieses besondere Ereignis durften wir die Audiobeschallung \u00fcbernehmen \u2013 ein Auftrag der Seelsorgeeinheit Taufers, bei dem Klarheit, Zuverl\u00e4ssigkeit und fein abgestimmter Klang im Mittelpunkt standen. Ein herzliches Dankesch\u00f6n an die Seelsorgeeinheit Taufers f\u00fcr das Vertrauen \u2013&hellip;<\/p>\n","protected":false},"author":1,"featured_media":86727,"comment_status":"open","ping_status":"open","sticky":false,"template":"","format":"standard","meta":{"footnotes":""},"categories":[3],"tags":[],"class_list":["post-86725","post","type-post","status-publish","format-standard","has-post-thumbnail","hentry","category-events"],"aioseo_notices":[],"aioseo_head":"\n\t\t<!-- All in One SEO 5.0.1.1 - aioseo.com -->\n\t<meta name=\"description\" content=\"Das Festival des Glaubens in Sand in Taufers war ein inspirierendes Fest voller Musik, Gemeinschaft und spiritueller Begegnung. F\u00fcr dieses besondere Ereignis durften wir die Audiobeschallung \u00fcbernehmen \u2013 ein Auftrag der Seelsorgeeinheit Taufers, bei dem Klarheit, Zuverl\u00e4ssigkeit und fein abgestimmter Klang im Mittelpunkt standen. Ein herzliches Dankesch\u00f6n an die Seelsorgeeinheit Taufers f\u00fcr das Vertrauen \u2013\" \/>\n\t<meta name=\"robots\" content=\"max-image-preview:large\" \/>\n\t<meta name=\"author\" content=\"adminsound\"\/>\n\t<link rel=\"canonical\" href=\"https:\/\/alp-sound.it\/index.php\/2025\/07\/19\/glaubensfestival\/\" \/>\n\t<meta name=\"generator\" content=\"All in One SEO (AIOSEO) 5.0.1.1\" \/>\n\t\t<meta property=\"og:locale\" content=\"de_DE\" \/>\n\t\t<meta property=\"og:site_name\" content=\"Alp Sound \u2013 The sound of the alps\" \/>\n\t\t<meta property=\"og:type\" content=\"article\" \/>\n\t\t<meta property=\"og:title\" content=\"Glaubensfestival \u2013 Alp Sound\" \/>\n\t\t<meta property=\"og:description\" content=\"Das Festival des Glaubens in Sand in Taufers war ein inspirierendes Fest voller Musik, Gemeinschaft und spiritueller Begegnung. F\u00fcr dieses besondere Ereignis durften wir die Audiobeschallung \u00fcbernehmen \u2013 ein Auftrag der Seelsorgeeinheit Taufers, bei dem Klarheit, Zuverl\u00e4ssigkeit und fein abgestimmter Klang im Mittelpunkt standen. Ein herzliches Dankesch\u00f6n an die Seelsorgeeinheit Taufers f\u00fcr das Vertrauen \u2013\" \/>\n\t\t<meta property=\"og:url\" content=\"https:\/\/alp-sound.it\/index.php\/2025\/07\/19\/glaubensfestival\/\" \/>\n\t\t<meta property=\"article:published_time\" content=\"2025-07-19T08:01:34+00:00\" \/>\n\t\t<meta property=\"article:modified_time\" content=\"2025-10-12T08:15:15+00:00\" \/>\n\t\t<meta property=\"article:publisher\" content=\"https:\/\/www.facebook.com\/profile.php?id=61554617066156\" \/>\n\t\t<meta name=\"twitter:card\" content=\"summary_large_image\" \/>\n\t\t<meta name=\"twitter:title\" content=\"Glaubensfestival \u2013 Alp Sound\" \/>\n\t\t<meta name=\"twitter:description\" content=\"Das Festival des Glaubens in Sand in Taufers war ein inspirierendes Fest voller Musik, Gemeinschaft und spiritueller Begegnung. F\u00fcr dieses besondere Ereignis durften wir die Audiobeschallung \u00fcbernehmen \u2013 ein Auftrag der Seelsorgeeinheit Taufers, bei dem Klarheit, Zuverl\u00e4ssigkeit und fein abgestimmter Klang im Mittelpunkt standen. Ein herzliches Dankesch\u00f6n an die Seelsorgeeinheit Taufers f\u00fcr das Vertrauen \u2013\" \/>\n\t\t<script type=\"application\/ld+json\" class=\"aioseo-schema\">\n\t\t\t{\"@context\":\"https:\\\/\\\/schema.org\",\"@graph\":[{\"@type\":\"BlogPosting\",\"@id\":\"https:\\\/\\\/alp-sound.it\\\/index.php\\\/2025\\\/07\\\/19\\\/glaubensfestival\\\/#blogposting\",\"name\":\"Glaubensfestival \\u2013 Alp Sound\",\"headline\":\"Glaubensfestival\",\"author\":{\"@id\":\"https:\\\/\\\/alp-sound.it\\\/index.php\\\/author\\\/adminsound\\\/#author\"},\"publisher\":{\"@id\":\"https:\\\/\\\/alp-sound.it\\\/#organization\"},\"image\":{\"@type\":\"ImageObject\",\"url\":\"https:\\\/\\\/alp-sound.it\\\/wp-content\\\/uploads\\\/2025\\\/10\\\/518287741_748160141233611_2266482886102198333_n-1.jpg\",\"width\":1131,\"height\":1600},\"datePublished\":\"2025-07-19T09:01:34+01:00\",\"dateModified\":\"2025-10-12T09:15:15+01:00\",\"inLanguage\":\"de-DE\",\"mainEntityOfPage\":{\"@id\":\"https:\\\/\\\/alp-sound.it\\\/index.php\\\/2025\\\/07\\\/19\\\/glaubensfestival\\\/#webpage\"},\"isPartOf\":{\"@id\":\"https:\\\/\\\/alp-sound.it\\\/index.php\\\/2025\\\/07\\\/19\\\/glaubensfestival\\\/#webpage\"},\"articleSection\":\"Events\"},{\"@type\":\"BreadcrumbList\",\"@id\":\"https:\\\/\\\/alp-sound.it\\\/index.php\\\/2025\\\/07\\\/19\\\/glaubensfestival\\\/#breadcrumblist\",\"itemListElement\":[{\"@type\":\"ListItem\",\"@id\":\"https:\\\/\\\/alp-sound.it#listItem\",\"position\":1,\"name\":\"Zu Hause\",\"item\":\"https:\\\/\\\/alp-sound.it\",\"nextItem\":{\"@type\":\"ListItem\",\"@id\":\"https:\\\/\\\/alp-sound.it\\\/index.php\\\/category\\\/events\\\/#listItem\",\"name\":\"Events\"}},{\"@type\":\"ListItem\",\"@id\":\"https:\\\/\\\/alp-sound.it\\\/index.php\\\/category\\\/events\\\/#listItem\",\"position\":2,\"name\":\"Events\",\"item\":\"https:\\\/\\\/alp-sound.it\\\/index.php\\\/category\\\/events\\\/\",\"nextItem\":{\"@type\":\"ListItem\",\"@id\":\"https:\\\/\\\/alp-sound.it\\\/index.php\\\/2025\\\/07\\\/19\\\/glaubensfestival\\\/#listItem\",\"name\":\"Glaubensfestival\"},\"previousItem\":{\"@type\":\"ListItem\",\"@id\":\"https:\\\/\\\/alp-sound.it#listItem\",\"name\":\"Zu Hause\"}},{\"@type\":\"ListItem\",\"@id\":\"https:\\\/\\\/alp-sound.it\\\/index.php\\\/2025\\\/07\\\/19\\\/glaubensfestival\\\/#listItem\",\"position\":3,\"name\":\"Glaubensfestival\",\"previousItem\":{\"@type\":\"ListItem\",\"@id\":\"https:\\\/\\\/alp-sound.it\\\/index.php\\\/category\\\/events\\\/#listItem\",\"name\":\"Events\"}}]},{\"@type\":\"Organization\",\"@id\":\"https:\\\/\\\/alp-sound.it\\\/#organization\",\"name\":\"Alp Sound\",\"description\":\"The sound of the alps\",\"url\":\"https:\\\/\\\/alp-sound.it\\\/\",\"email\":\"info@alp-sound.it\",\"logo\":{\"@type\":\"ImageObject\",\"url\":\"https:\\\/\\\/alp-sound.it\\\/wp-content\\\/uploads\\\/2023\\\/11\\\/logo-transparent-png.png\",\"@id\":\"https:\\\/\\\/alp-sound.it\\\/index.php\\\/2025\\\/07\\\/19\\\/glaubensfestival\\\/#organizationLogo\",\"width\":4000,\"height\":2486},\"image\":{\"@id\":\"https:\\\/\\\/alp-sound.it\\\/index.php\\\/2025\\\/07\\\/19\\\/glaubensfestival\\\/#organizationLogo\"},\"sameAs\":[\"https:\\\/\\\/www.facebook.com\\\/profile.php?id=61554617066156\",\"https:\\\/\\\/www.instagram.com\\\/alp.sound\\\/\"]},{\"@type\":\"Person\",\"@id\":\"https:\\\/\\\/alp-sound.it\\\/index.php\\\/author\\\/adminsound\\\/#author\",\"url\":\"https:\\\/\\\/alp-sound.it\\\/index.php\\\/author\\\/adminsound\\\/\",\"name\":\"adminsound\"},{\"@type\":\"WebPage\",\"@id\":\"https:\\\/\\\/alp-sound.it\\\/index.php\\\/2025\\\/07\\\/19\\\/glaubensfestival\\\/#webpage\",\"url\":\"https:\\\/\\\/alp-sound.it\\\/index.php\\\/2025\\\/07\\\/19\\\/glaubensfestival\\\/\",\"name\":\"Glaubensfestival \\u2013 Alp Sound\",\"description\":\"Das Festival des Glaubens in Sand in Taufers war ein inspirierendes Fest voller Musik, Gemeinschaft und spiritueller Begegnung. F\\u00fcr dieses besondere Ereignis durften wir die Audiobeschallung \\u00fcbernehmen \\u2013 ein Auftrag der Seelsorgeeinheit Taufers, bei dem Klarheit, Zuverl\\u00e4ssigkeit und fein abgestimmter Klang im Mittelpunkt standen. Ein herzliches Dankesch\\u00f6n an die Seelsorgeeinheit Taufers f\\u00fcr das Vertrauen \\u2013\",\"inLanguage\":\"de-DE\",\"isPartOf\":{\"@id\":\"https:\\\/\\\/alp-sound.it\\\/#website\"},\"breadcrumb\":{\"@id\":\"https:\\\/\\\/alp-sound.it\\\/index.php\\\/2025\\\/07\\\/19\\\/glaubensfestival\\\/#breadcrumblist\"},\"author\":{\"@id\":\"https:\\\/\\\/alp-sound.it\\\/index.php\\\/author\\\/adminsound\\\/#author\"},\"creator\":{\"@id\":\"https:\\\/\\\/alp-sound.it\\\/index.php\\\/author\\\/adminsound\\\/#author\"},\"image\":{\"@type\":\"ImageObject\",\"url\":\"https:\\\/\\\/alp-sound.it\\\/wp-content\\\/uploads\\\/2025\\\/10\\\/518287741_748160141233611_2266482886102198333_n-1.jpg\",\"@id\":\"https:\\\/\\\/alp-sound.it\\\/index.php\\\/2025\\\/07\\\/19\\\/glaubensfestival\\\/#mainImage\",\"width\":1131,\"height\":1600},\"primaryImageOfPage\":{\"@id\":\"https:\\\/\\\/alp-sound.it\\\/index.php\\\/2025\\\/07\\\/19\\\/glaubensfestival\\\/#mainImage\"},\"datePublished\":\"2025-07-19T09:01:34+01:00\",\"dateModified\":\"2025-10-12T09:15:15+01:00\"},{\"@type\":\"WebSite\",\"@id\":\"https:\\\/\\\/alp-sound.it\\\/#website\",\"url\":\"https:\\\/\\\/alp-sound.it\\\/\",\"name\":\"Alp Sound\",\"alternateName\":\"Alpsounbd\",\"description\":\"The sound of the alps\",\"inLanguage\":\"de-DE\",\"publisher\":{\"@id\":\"https:\\\/\\\/alp-sound.it\\\/#organization\"}}]}\n\t\t<\/script>\n\t\t<!-- All in One SEO -->\n\n","aioseo_head_json":{"title":"Glaubensfestival \u2013 Alp Sound","description":"Das Festival des Glaubens in Sand in Taufers war ein inspirierendes Fest voller Musik, Gemeinschaft und spiritueller Begegnung. F\u00fcr dieses besondere Ereignis durften wir die Audiobeschallung \u00fcbernehmen \u2013 ein Auftrag der Seelsorgeeinheit Taufers, bei dem Klarheit, Zuverl\u00e4ssigkeit und fein abgestimmter Klang im Mittelpunkt standen. Ein herzliches Dankesch\u00f6n an die Seelsorgeeinheit Taufers f\u00fcr das Vertrauen \u2013","canonical_url":"https:\/\/alp-sound.it\/index.php\/2025\/07\/19\/glaubensfestival\/","robots":"max-image-preview:large","keywords":"","webmasterTools":{"miscellaneous":""},"schema":{"@context":"https:\/\/schema.org","@graph":[{"@type":"BlogPosting","@id":"https:\/\/alp-sound.it\/index.php\/2025\/07\/19\/glaubensfestival\/#blogposting","name":"Glaubensfestival \u2013 Alp Sound","headline":"Glaubensfestival","author":{"@id":"https:\/\/alp-sound.it\/index.php\/author\/adminsound\/#author"},"publisher":{"@id":"https:\/\/alp-sound.it\/#organization"},"image":{"@type":"ImageObject","url":"https:\/\/alp-sound.it\/wp-content\/uploads\/2025\/10\/518287741_748160141233611_2266482886102198333_n-1.jpg","width":1131,"height":1600},"datePublished":"2025-07-19T09:01:34+01:00","dateModified":"2025-10-12T09:15:15+01:00","inLanguage":"de-DE","mainEntityOfPage":{"@id":"https:\/\/alp-sound.it\/index.php\/2025\/07\/19\/glaubensfestival\/#webpage"},"isPartOf":{"@id":"https:\/\/alp-sound.it\/index.php\/2025\/07\/19\/glaubensfestival\/#webpage"},"articleSection":"Events"},{"@type":"BreadcrumbList","@id":"https:\/\/alp-sound.it\/index.php\/2025\/07\/19\/glaubensfestival\/#breadcrumblist","itemListElement":[{"@type":"ListItem","@id":"https:\/\/alp-sound.it#listItem","position":1,"name":"Zu Hause","item":"https:\/\/alp-sound.it","nextItem":{"@type":"ListItem","@id":"https:\/\/alp-sound.it\/index.php\/category\/events\/#listItem","name":"Events"}},{"@type":"ListItem","@id":"https:\/\/alp-sound.it\/index.php\/category\/events\/#listItem","position":2,"name":"Events","item":"https:\/\/alp-sound.it\/index.php\/category\/events\/","nextItem":{"@type":"ListItem","@id":"https:\/\/alp-sound.it\/index.php\/2025\/07\/19\/glaubensfestival\/#listItem","name":"Glaubensfestival"},"previousItem":{"@type":"ListItem","@id":"https:\/\/alp-sound.it#listItem","name":"Zu Hause"}},{"@type":"ListItem","@id":"https:\/\/alp-sound.it\/index.php\/2025\/07\/19\/glaubensfestival\/#listItem","position":3,"name":"Glaubensfestival","previousItem":{"@type":"ListItem","@id":"https:\/\/alp-sound.it\/index.php\/category\/events\/#listItem","name":"Events"}}]},{"@type":"Organization","@id":"https:\/\/alp-sound.it\/#organization","name":"Alp Sound","description":"The sound of the alps","url":"https:\/\/alp-sound.it\/","email":"info@alp-sound.it","logo":{"@type":"ImageObject","url":"https:\/\/alp-sound.it\/wp-content\/uploads\/2023\/11\/logo-transparent-png.png","@id":"https:\/\/alp-sound.it\/index.php\/2025\/07\/19\/glaubensfestival\/#organizationLogo","width":4000,"height":2486},"image":{"@id":"https:\/\/alp-sound.it\/index.php\/2025\/07\/19\/glaubensfestival\/#organizationLogo"},"sameAs":["https:\/\/www.facebook.com\/profile.php?id=61554617066156","https:\/\/www.instagram.com\/alp.sound\/"]},{"@type":"Person","@id":"https:\/\/alp-sound.it\/index.php\/author\/adminsound\/#author","url":"https:\/\/alp-sound.it\/index.php\/author\/adminsound\/","name":"adminsound"},{"@type":"WebPage","@id":"https:\/\/alp-sound.it\/index.php\/2025\/07\/19\/glaubensfestival\/#webpage","url":"https:\/\/alp-sound.it\/index.php\/2025\/07\/19\/glaubensfestival\/","name":"Glaubensfestival \u2013 Alp Sound","description":"Das Festival des Glaubens in Sand in Taufers war ein inspirierendes Fest voller Musik, Gemeinschaft und spiritueller Begegnung. F\u00fcr dieses besondere Ereignis durften wir die Audiobeschallung \u00fcbernehmen \u2013 ein Auftrag der Seelsorgeeinheit Taufers, bei dem Klarheit, Zuverl\u00e4ssigkeit und fein abgestimmter Klang im Mittelpunkt standen. Ein herzliches Dankesch\u00f6n an die Seelsorgeeinheit Taufers f\u00fcr das Vertrauen \u2013","inLanguage":"de-DE","isPartOf":{"@id":"https:\/\/alp-sound.it\/#website"},"breadcrumb":{"@id":"https:\/\/alp-sound.it\/index.php\/2025\/07\/19\/glaubensfestival\/#breadcrumblist"},"author":{"@id":"https:\/\/alp-sound.it\/index.php\/author\/adminsound\/#author"},"creator":{"@id":"https:\/\/alp-sound.it\/index.php\/author\/adminsound\/#author"},"image":{"@type":"ImageObject","url":"https:\/\/alp-sound.it\/wp-content\/uploads\/2025\/10\/518287741_748160141233611_2266482886102198333_n-1.jpg","@id":"https:\/\/alp-sound.it\/index.php\/2025\/07\/19\/glaubensfestival\/#mainImage","width":1131,"height":1600},"primaryImageOfPage":{"@id":"https:\/\/alp-sound.it\/index.php\/2025\/07\/19\/glaubensfestival\/#mainImage"},"datePublished":"2025-07-19T09:01:34+01:00","dateModified":"2025-10-12T09:15:15+01:00"},{"@type":"WebSite","@id":"https:\/\/alp-sound.it\/#website","url":"https:\/\/alp-sound.it\/","name":"Alp Sound","alternateName":"Alpsounbd","description":"The sound of the alps","inLanguage":"de-DE","publisher":{"@id":"https:\/\/alp-sound.it\/#organization"}}]},"og:locale":"de_DE","og:site_name":"Alp Sound \u2013 The sound of the alps","og:type":"article","og:title":"Glaubensfestival \u2013 Alp Sound","og:description":"Das Festival des Glaubens in Sand in Taufers war ein inspirierendes Fest voller Musik, Gemeinschaft und spiritueller Begegnung. F\u00fcr dieses besondere Ereignis durften wir die Audiobeschallung \u00fcbernehmen \u2013 ein Auftrag der Seelsorgeeinheit Taufers, bei dem Klarheit, Zuverl\u00e4ssigkeit und fein abgestimmter Klang im Mittelpunkt standen. Ein herzliches Dankesch\u00f6n an die Seelsorgeeinheit Taufers f\u00fcr das Vertrauen \u2013","og:url":"https:\/\/alp-sound.it\/index.php\/2025\/07\/19\/glaubensfestival\/","article:published_time":"2025-07-19T08:01:34+00:00","article:modified_time":"2025-10-12T08:15:15+00:00","article:publisher":"https:\/\/www.facebook.com\/profile.php?id=61554617066156","twitter:card":"summary_large_image","twitter:title":"Glaubensfestival \u2013 Alp Sound","twitter:description":"Das Festival des Glaubens in Sand in Taufers war ein inspirierendes Fest voller Musik, Gemeinschaft und spiritueller Begegnung. F\u00fcr dieses besondere Ereignis durften wir die Audiobeschallung \u00fcbernehmen \u2013 ein Auftrag der Seelsorgeeinheit Taufers, bei dem Klarheit, Zuverl\u00e4ssigkeit und fein abgestimmter Klang im Mittelpunkt standen. Ein herzliches Dankesch\u00f6n an die Seelsorgeeinheit Taufers f\u00fcr das Vertrauen \u2013"},"aioseo_meta_data":{"post_id":"86725","title":null,"description":null,"keywords":null,"keyphrases":{"focus":{"keyphrase":"","score":0,"analysis":{"keyphraseInTitle":{"score":0,"maxScore":9,"error":1}}},"additional":[]},"primary_term":null,"canonical_url":null,"og_title":null,"og_description":null,"og_object_type":"default","og_image_type":"default","og_image_url":null,"og_image_width":null,"og_image_height":null,"og_image_custom_url":null,"og_image_custom_fields":null,"og_video":"","og_custom_url":null,"og_article_section":null,"og_article_tags":null,"twitter_use_og":false,"twitter_card":"default","twitter_image_type":"default","twitter_image_url":null,"twitter_image_custom_url":null,"twitter_image_custom_fields":null,"twitter_title":null,"twitter_description":null,"schema":{"blockGraphs":[],"customGraphs":[],"default":{"data":{"Article":[],"Course":[],"Dataset":[],"FAQPage":[],"Movie":[],"Person":[],"Product":[],"ProductReview":[],"Car":[],"Recipe":[],"Service":[],"SoftwareApplication":[],"WebPage":[]},"graphName":"BlogPosting","isEnabled":true},"graphs":[]},"schema_type":"default","schema_type_options":null,"pillar_content":false,"robots_default":true,"robots_noindex":false,"robots_noarchive":false,"robots_nosnippet":false,"robots_nofollow":false,"robots_noimageindex":false,"robots_noodp":false,"robots_notranslate":false,"robots_max_snippet":"-1","robots_max_videopreview":"-1","robots_max_imagepreview":"large","priority":null,"frequency":"default","local_seo":null,"breadcrumb_settings":null,"limit_modified_date":false,"ai":{"faqs":[],"keyPoints":[],"titles":[],"descriptions":[],"socialPosts":{"email":[],"linkedin":[],"twitter":[],"facebook":[],"instagram":[]}},"created":"2025-10-12 07:59:58","updated":"2025-10-12 08:24:42","focus_keyword":null,"additional_keywords":null,"truseo_locale":null,"seo_analyzer_scan_date":null},"aioseo_breadcrumb":"<div class=\"aioseo-breadcrumbs\"><span class=\"aioseo-breadcrumb\">\n\t\t\t<a href=\"https:\/\/alp-sound.it\" title=\"Zu Hause\">Zu Hause<\/a>\n\t\t<\/span><span class=\"aioseo-breadcrumb-separator\">&raquo;<\/span><span class=\"aioseo-breadcrumb\">\n\t\t\t<a href=\"https:\/\/alp-sound.it\/index.php\/category\/events\/\" title=\"Events\">Events<\/a>\n\t\t<\/span><span class=\"aioseo-breadcrumb-separator\">&raquo;<\/span><span class=\"aioseo-breadcrumb\">\n\t\t\tGlaubensfestival\n\t\t<\/span><\/div>","aioseo_breadcrumb_json":[{"label":"Zu Hause","link":"https:\/\/alp-sound.it"},{"label":"Events","link":"https:\/\/alp-sound.it\/index.php\/category\/events\/"},{"label":"Glaubensfestival","link":"https:\/\/alp-sound.it\/index.php\/2025\/07\/19\/glaubensfestival\/"}],"_links":{"self":[{"href":"https:\/\/alp-sound.it\/index.php\/wp-json\/wp\/v2\/posts\/86725","targetHints":{"allow":["GET"]}}],"collection":[{"href":"https:\/\/alp-sound.it\/index.php\/wp-json\/wp\/v2\/posts"}],"about":[{"href":"https:\/\/alp-sound.it\/index.php\/wp-json\/wp\/v2\/types\/post"}],"author":[{"embeddable":true,"href":"https:\/\/alp-sound.it\/index.php\/wp-json\/wp\/v2\/users\/1"}],"replies":[{"embeddable":true,"href":"https:\/\/alp-sound.it\/index.php\/wp-json\/wp\/v2\/comments?post=86725"}],"version-history":[{"count":7,"href":"https:\/\/alp-sound.it\/index.php\/wp-json\/wp\/v2\/posts\/86725\/revisions"}],"predecessor-version":[{"id":86745,"href":"https:\/\/alp-sound.it\/index.php\/wp-json\/wp\/v2\/posts\/86725\/revisions\/86745"}],"wp:featuredmedia":[{"embeddable":true,"href":"https:\/\/alp-sound.it\/index.php\/wp-json\/wp\/v2\/media\/86727"}],"wp:attachment":[{"href":"https:\/\/alp-sound.it\/index.php\/wp-json\/wp\/v2\/media?parent=86725"}],"wp:term":[{"taxonomy":"category","embeddable":true,"href":"https:\/\/alp-sound.it\/index.php\/wp-json\/wp\/v2\/categories?post=86725"},{"taxonomy":"post_tag","embeddable":true,"href":"https:\/\/alp-sound.it\/index.php\/wp-json\/wp\/v2\/tags?post=86725"}],"curies":[{"name":"wp","href":"https:\/\/api.w.org\/{rel}","templated":true}]}}